{"id":32,"date":"2025-07-30T23:48:37","date_gmt":"2025-07-30T23:48:37","guid":{"rendered":"https:\/\/molendosakombi.info\/?p=32"},"modified":"2025-08-05T09:50:15","modified_gmt":"2025-08-05T09:50:15","slug":"conference-reforme-fonciere-kinshasa-molendo-sakombi","status":"publish","type":"post","link":"https:\/\/molendosakombi.info\/?p=32","title":{"rendered":"Conf\u00e9rence \u00e0 Kinshasa : Molendo Sakombi au c\u0153ur des r\u00e9formes fonci\u00e8res"},"content":{"rendered":"<p>Le 2 ao\u00fbt 2025, s\u2019est tenue \u00e0 Kinshasa une conf\u00e9rence nationale sur la r\u00e9forme fonci\u00e8re en R\u00e9publique D\u00e9mocratique du Congo. Cette <strong>conf\u00e9rence sur la r\u00e9forme fonci\u00e8re \u00e0 Kinshasa<\/strong> a r\u00e9uni des acteurs cl\u00e9s du secteur, parmi lesquels <strong>Molendo Sakombi<\/strong>, Ministre des Affaires Fonci\u00e8res, qui a livr\u00e9 un discours remarqu\u00e9 sur l\u2019\u00e9tat d\u2019avancement et les enjeux des r\u00e9formes en cours.<\/p>\n<h2>Contexte de la conf\u00e9rence<\/h2>\n<p>Organis\u00e9e par le minist\u00e8re des Affaires Fonci\u00e8res avec le soutien de partenaires techniques et financiers, la <strong>conf\u00e9rence r\u00e9forme fonci\u00e8re Kinshasa<\/strong> visait \u00e0 :<\/p>\n<ul>\n<li>Faire le point sur l\u2019avanc\u00e9e de la r\u00e9forme fonci\u00e8re<\/li>\n<li>Renforcer la concertation entre institutions, ONG, et secteur priv\u00e9<\/li>\n<li>Proposer des pistes d\u2019am\u00e9lioration sur les proc\u00e9dures administratives<\/li>\n<\/ul>\n<p>L\u2019\u00e9v\u00e9nement a rassembl\u00e9 plus de 500 participants venus de toutes les provinces du pays.<\/p>\n<h2>Un discours fort de Molendo Sakombi<\/h2>\n<p>Lors de son allocution d\u2019ouverture, <strong>Molendo Sakombi<\/strong> a rappel\u00e9 l\u2019importance strat\u00e9gique de la r\u00e9forme fonci\u00e8re :<\/p>\n<blockquote><p>\u00ab Une terre bien administr\u00e9e, c\u2019est un pays en paix, un pays prosp\u00e8re. \u00bb<\/p><\/blockquote>\n<p>Il a mis en avant les avanc\u00e9es majeures obtenues :<\/p>\n<ul>\n<li>Digitalisation des titres fonciers dans plusieurs provinces<\/li>\n<li>Implantation de guichets uniques pour r\u00e9duire la corruption<\/li>\n<li>Campagnes de r\u00e9gularisation fonci\u00e8re pour les zones rurales<\/li>\n<\/ul>\n<p>Le Ministre a \u00e9galement r\u00e9affirm\u00e9 son engagement pour un acc\u00e8s \u00e9quitable \u00e0 la propri\u00e9t\u00e9 et une administration fonci\u00e8re plus proche des citoyens.<\/p>\n<h2>R\u00e9actions des participants<\/h2>\n<p>Les r\u00e9actions \u00e0 l\u2019intervention de <strong>Molendo Sakombi<\/strong> ont \u00e9t\u00e9 globalement positives :<\/p>\n<ul>\n<li>Les repr\u00e9sentants de la soci\u00e9t\u00e9 civile ont salu\u00e9 la volont\u00e9 de transparence<\/li>\n<li>Les ONG ont demand\u00e9 une inclusion renforc\u00e9e des femmes dans le processus foncier<\/li>\n<li>Le secteur priv\u00e9 a exprim\u00e9 son int\u00e9r\u00eat pour un cadre l\u00e9gal plus clair et s\u00e9curis\u00e9<\/li>\n<\/ul>\n<p>Plusieurs intervenants ont insist\u00e9 sur la n\u00e9cessit\u00e9 d\u2019acc\u00e9l\u00e9rer la mise en \u0153uvre des r\u00e9formes sur tout le territoire national.<\/p>\n<h2>Conclusion<\/h2>\n<p>La <strong>conf\u00e9rence sur la r\u00e9forme fonci\u00e8re \u00e0 Kinshasa<\/strong> aura permis de faire converger les visions et d\u2019ancrer les r\u00e9formes dans une dynamique participative. \u00c0 travers son discours, <strong>Molendo Sakombi<\/strong> a r\u00e9affirm\u00e9 une ambition : transformer durablement le paysage foncier congolais au service du d\u00e9veloppement et de la paix sociale.<\/p>\n","protected":false},"excerpt":{"rendered":"<p>Le 2 ao\u00fbt 2025, s\u2019est tenue \u00e0 Kinshasa une conf\u00e9rence nationale sur la r\u00e9forme fonci\u00e8re&hellip;<\/p>\n","protected":false},"author":1,"featured_media":0,"comment_status":"open","ping_status":"open","sticky":false,"template":"","format":"standard","meta":{"footnotes":""},"categories":[1],"tags":[],"class_list":["post-32","post","type-post","status-publish","format-standard","hentry","category-rdc-blog"],"yoast_head":"<!-- This site is optimized with the Yoast SEO plugin v26.2 - https:\/\/yoast.com\/wordpress\/plugins\/seo\/ -->\n<title>Conf\u00e9rence \u00e0 Kinshasa : Molendo Sakombi au c\u0153ur des r\u00e9formes fonci\u00e8res - Molendo Sakombi<\/title>\n<meta name=\"description\" content=\"Retour sur l\u2019intervention de Molendo Sakombi lors d\u2019une conf\u00e9rence majeure sur les r\u00e9formes fonci\u00e8res \u00e0 Kinshasa.\" \/>\n<meta name=\"robots\" content=\"index, follow, max-snippet:-1, max-image-preview:large, max-video-preview:-1\" \/>\n<link rel=\"canonical\" href=\"https:\/\/molendosakombi.info\/?p=32\" \/>\n<meta property=\"og:locale\" content=\"fr_FR\" \/>\n<meta property=\"og:type\" content=\"article\" \/>\n<meta property=\"og:title\" content=\"Conf\u00e9rence \u00e0 Kinshasa : Molendo Sakombi au c\u0153ur des r\u00e9formes fonci\u00e8res - Molendo Sakombi\" \/>\n<meta property=\"og:description\" content=\"Retour sur l\u2019intervention de Molendo Sakombi lors d\u2019une conf\u00e9rence majeure sur les r\u00e9formes fonci\u00e8res \u00e0 Kinshasa.\" \/>\n<meta property=\"og:url\" content=\"https:\/\/molendosakombi.info\/?p=32\" \/>\n<meta property=\"og:site_name\" content=\"Molendo Sakombi\" \/>\n<meta property=\"article:published_time\" content=\"2025-07-30T23:48:37+00:00\" \/>\n<meta property=\"article:modified_time\" content=\"2025-08-05T09:50:15+00:00\" \/>\n<meta name=\"author\" content=\"admin\" \/>\n<meta name=\"twitter:card\" content=\"summary_large_image\" \/>\n<meta name=\"twitter:label1\" content=\"\u00c9crit par\" \/>\n\t<meta name=\"twitter:data1\" content=\"admin\" \/>\n\t<meta name=\"twitter:label2\" content=\"Dur\u00e9e de lecture estim\u00e9e\" \/>\n\t<meta name=\"twitter:data2\" content=\"2 minutes\" \/>\n<script type=\"application\/ld+json\" class=\"yoast-schema-graph\">{\"@context\":\"https:\/\/schema.org\",\"@graph\":[{\"@type\":\"WebPage\",\"@id\":\"https:\/\/molendosakombi.info\/?p=32\",\"url\":\"https:\/\/molendosakombi.info\/?p=32\",\"name\":\"Conf\u00e9rence \u00e0 Kinshasa : Molendo Sakombi au c\u0153ur des r\u00e9formes fonci\u00e8res - Molendo Sakombi\",\"isPartOf\":{\"@id\":\"https:\/\/molendosakombi.info\/#website\"},\"datePublished\":\"2025-07-30T23:48:37+00:00\",\"dateModified\":\"2025-08-05T09:50:15+00:00\",\"author\":{\"@id\":\"https:\/\/molendosakombi.info\/#\/schema\/person\/165dadd0572bed04b660c8c228f949fa\"},\"description\":\"Retour sur l\u2019intervention de Molendo Sakombi lors d\u2019une conf\u00e9rence majeure sur les r\u00e9formes fonci\u00e8res \u00e0 Kinshasa.\",\"breadcrumb\":{\"@id\":\"https:\/\/molendosakombi.info\/?p=32#breadcrumb\"},\"inLanguage\":\"fr-FR\",\"potentialAction\":[{\"@type\":\"ReadAction\",\"target\":[\"https:\/\/molendosakombi.info\/?p=32\"]}]},{\"@type\":\"BreadcrumbList\",\"@id\":\"https:\/\/molendosakombi.info\/?p=32#breadcrumb\",\"itemListElement\":[{\"@type\":\"ListItem\",\"position\":1,\"name\":\"Accueil\",\"item\":\"https:\/\/molendosakombi.info\/\"},{\"@type\":\"ListItem\",\"position\":2,\"name\":\"Conf\u00e9rence \u00e0 Kinshasa : Molendo Sakombi au c\u0153ur des r\u00e9formes fonci\u00e8res\"}]},{\"@type\":\"WebSite\",\"@id\":\"https:\/\/molendosakombi.info\/#website\",\"url\":\"https:\/\/molendosakombi.info\/\",\"name\":\"Molendo Sakombi\",\"description\":\"\",\"potentialAction\":[{\"@type\":\"SearchAction\",\"target\":{\"@type\":\"EntryPoint\",\"urlTemplate\":\"https:\/\/molendosakombi.info\/?s={search_term_string}\"},\"query-input\":{\"@type\":\"PropertyValueSpecification\",\"valueRequired\":true,\"valueName\":\"search_term_string\"}}],\"inLanguage\":\"fr-FR\"},{\"@type\":\"Person\",\"@id\":\"https:\/\/molendosakombi.info\/#\/schema\/person\/165dadd0572bed04b660c8c228f949fa\",\"name\":\"admin\",\"image\":{\"@type\":\"ImageObject\",\"inLanguage\":\"fr-FR\",\"@id\":\"https:\/\/molendosakombi.info\/#\/schema\/person\/image\/\",\"url\":\"https:\/\/secure.gravatar.com\/avatar\/d04cdb7d4d43529a58f8e9cb56242e82b80a4d33e2be2bf73f981bd57eba69ba?s=96&d=mm&r=g\",\"contentUrl\":\"https:\/\/secure.gravatar.com\/avatar\/d04cdb7d4d43529a58f8e9cb56242e82b80a4d33e2be2bf73f981bd57eba69ba?s=96&d=mm&r=g\",\"caption\":\"admin\"},\"sameAs\":[\"https:\/\/molendosakombi.info\"],\"url\":\"https:\/\/molendosakombi.info\/?author=1\"}]}<\/script>\n<!-- \/ Yoast SEO plugin. -->","yoast_head_json":{"title":"Conf\u00e9rence \u00e0 Kinshasa : Molendo Sakombi au c\u0153ur des r\u00e9formes fonci\u00e8res - Molendo Sakombi","description":"Retour sur l\u2019intervention de Molendo Sakombi lors d\u2019une conf\u00e9rence majeure sur les r\u00e9formes fonci\u00e8res \u00e0 Kinshasa.","robots":{"index":"index","follow":"follow","max-snippet":"max-snippet:-1","max-image-preview":"max-image-preview:large","max-video-preview":"max-video-preview:-1"},"canonical":"https:\/\/molendosakombi.info\/?p=32","og_locale":"fr_FR","og_type":"article","og_title":"Conf\u00e9rence \u00e0 Kinshasa : Molendo Sakombi au c\u0153ur des r\u00e9formes fonci\u00e8res - Molendo Sakombi","og_description":"Retour sur l\u2019intervention de Molendo Sakombi lors d\u2019une conf\u00e9rence majeure sur les r\u00e9formes fonci\u00e8res \u00e0 Kinshasa.","og_url":"https:\/\/molendosakombi.info\/?p=32","og_site_name":"Molendo Sakombi","article_published_time":"2025-07-30T23:48:37+00:00","article_modified_time":"2025-08-05T09:50:15+00:00","author":"admin","twitter_card":"summary_large_image","twitter_misc":{"\u00c9crit par":"admin","Dur\u00e9e de lecture estim\u00e9e":"2 minutes"},"schema":{"@context":"https:\/\/schema.org","@graph":[{"@type":"WebPage","@id":"https:\/\/molendosakombi.info\/?p=32","url":"https:\/\/molendosakombi.info\/?p=32","name":"Conf\u00e9rence \u00e0 Kinshasa : Molendo Sakombi au c\u0153ur des r\u00e9formes fonci\u00e8res - Molendo Sakombi","isPartOf":{"@id":"https:\/\/molendosakombi.info\/#website"},"datePublished":"2025-07-30T23:48:37+00:00","dateModified":"2025-08-05T09:50:15+00:00","author":{"@id":"https:\/\/molendosakombi.info\/#\/schema\/person\/165dadd0572bed04b660c8c228f949fa"},"description":"Retour sur l\u2019intervention de Molendo Sakombi lors d\u2019une conf\u00e9rence majeure sur les r\u00e9formes fonci\u00e8res \u00e0 Kinshasa.","breadcrumb":{"@id":"https:\/\/molendosakombi.info\/?p=32#breadcrumb"},"inLanguage":"fr-FR","potentialAction":[{"@type":"ReadAction","target":["https:\/\/molendosakombi.info\/?p=32"]}]},{"@type":"BreadcrumbList","@id":"https:\/\/molendosakombi.info\/?p=32#breadcrumb","itemListElement":[{"@type":"ListItem","position":1,"name":"Accueil","item":"https:\/\/molendosakombi.info\/"},{"@type":"ListItem","position":2,"name":"Conf\u00e9rence \u00e0 Kinshasa : Molendo Sakombi au c\u0153ur des r\u00e9formes fonci\u00e8res"}]},{"@type":"WebSite","@id":"https:\/\/molendosakombi.info\/#website","url":"https:\/\/molendosakombi.info\/","name":"Molendo Sakombi","description":"","potentialAction":[{"@type":"SearchAction","target":{"@type":"EntryPoint","urlTemplate":"https:\/\/molendosakombi.info\/?s={search_term_string}"},"query-input":{"@type":"PropertyValueSpecification","valueRequired":true,"valueName":"search_term_string"}}],"inLanguage":"fr-FR"},{"@type":"Person","@id":"https:\/\/molendosakombi.info\/#\/schema\/person\/165dadd0572bed04b660c8c228f949fa","name":"admin","image":{"@type":"ImageObject","inLanguage":"fr-FR","@id":"https:\/\/molendosakombi.info\/#\/schema\/person\/image\/","url":"https:\/\/secure.gravatar.com\/avatar\/d04cdb7d4d43529a58f8e9cb56242e82b80a4d33e2be2bf73f981bd57eba69ba?s=96&d=mm&r=g","contentUrl":"https:\/\/secure.gravatar.com\/avatar\/d04cdb7d4d43529a58f8e9cb56242e82b80a4d33e2be2bf73f981bd57eba69ba?s=96&d=mm&r=g","caption":"admin"},"sameAs":["https:\/\/molendosakombi.info"],"url":"https:\/\/molendosakombi.info\/?author=1"}]}},"_links":{"self":[{"href":"https:\/\/molendosakombi.info\/index.php?rest_route=\/wp\/v2\/posts\/32","targetHints":{"allow":["GET"]}}],"collection":[{"href":"https:\/\/molendosakombi.info\/index.php?rest_route=\/wp\/v2\/posts"}],"about":[{"href":"https:\/\/molendosakombi.info\/index.php?rest_route=\/wp\/v2\/types\/post"}],"author":[{"embeddable":true,"href":"https:\/\/molendosakombi.info\/index.php?rest_route=\/wp\/v2\/users\/1"}],"replies":[{"embeddable":true,"href":"https:\/\/molendosakombi.info\/index.php?rest_route=%2Fwp%2Fv2%2Fcomments&post=32"}],"version-history":[{"count":2,"href":"https:\/\/molendosakombi.info\/index.php?rest_route=\/wp\/v2\/posts\/32\/revisions"}],"predecessor-version":[{"id":34,"href":"https:\/\/molendosakombi.info\/index.php?rest_route=\/wp\/v2\/posts\/32\/revisions\/34"}],"wp:attachment":[{"href":"https:\/\/molendosakombi.info\/index.php?rest_route=%2Fwp%2Fv2%2Fmedia&parent=32"}],"wp:term":[{"taxonomy":"category","embeddable":true,"href":"https:\/\/molendosakombi.info\/index.php?rest_route=%2Fwp%2Fv2%2Fcategories&post=32"},{"taxonomy":"post_tag","embeddable":true,"href":"https:\/\/molendosakombi.info\/index.php?rest_route=%2Fwp%2Fv2%2Ftags&post=32"}],"curies":[{"name":"wp","href":"https:\/\/api.w.org\/{rel}","templated":true}]}}