{"id":23,"date":"2025-08-05T09:35:21","date_gmt":"2025-08-05T09:35:21","guid":{"rendered":"https:\/\/molendosakombi.info\/?p=23"},"modified":"2025-08-05T09:35:21","modified_gmt":"2025-08-05T09:35:21","slug":"acces-propriete-fonciere-molendo-sakombi","status":"publish","type":"post","link":"https:\/\/molendosakombi.info\/?p=23","title":{"rendered":"Molendo Sakombi plaide pour un acc\u00e8s \u00e9quitable \u00e0 la propri\u00e9t\u00e9 fonci\u00e8re"},"content":{"rendered":"<p>En R\u00e9publique D\u00e9mocratique du Congo, l\u2019acc\u00e8s \u00e0 la terre demeure profond\u00e9ment in\u00e9gal. Conscient de cette r\u00e9alit\u00e9, le Ministre des Affaires Fonci\u00e8res <strong>Molendo Sakombi<\/strong> a multipli\u00e9 les appels pour garantir un <strong>acc\u00e8s \u00e9quitable \u00e0 la propri\u00e9t\u00e9 fonci\u00e8re<\/strong> \u00e0 tous les citoyens, qu\u2019ils vivent en milieu rural ou urbain. Une question de justice sociale autant que de stabilit\u00e9 \u00e9conomique.<\/p>\n<h2>Des in\u00e9galit\u00e9s persistantes dans l\u2019acc\u00e8s \u00e0 la terre<\/h2>\n<p>La situation fonci\u00e8re en RDC r\u00e9v\u00e8le un d\u00e9s\u00e9quilibre important :<\/p>\n<ul>\n<li>Les populations rurales occupent souvent des terres sans titre l\u00e9gal<\/li>\n<li>Les femmes rencontrent de nombreuses barri\u00e8res pour devenir propri\u00e9taires<\/li>\n<li>Les jeunes et les d\u00e9plac\u00e9s internes peinent \u00e0 faire valoir leurs droits<\/li>\n<\/ul>\n<p>Sans m\u00e9canisme d\u2019inclusion, ces groupes restent vuln\u00e9rables \u00e0 l\u2019expropriation, \u00e0 la sp\u00e9culation ou \u00e0 l\u2019injustice administrative.<\/p>\n<h2>La vision inclusive de Molendo Sakombi<\/h2>\n<p>Face \u00e0 ces in\u00e9galit\u00e9s, <strong>Molendo Sakombi<\/strong> d\u00e9fend une vision d\u2019un foncier inclusif, o\u00f9 chaque citoyen a la possibilit\u00e9 d\u2019acc\u00e9der \u00e0 la propri\u00e9t\u00e9 :<\/p>\n<ul>\n<li>Reconnaissance du droit \u00e0 la terre comme un droit fondamental<\/li>\n<li>Priorit\u00e9 donn\u00e9e aux communaut\u00e9s locales dans les programmes de r\u00e9gularisation<\/li>\n<li>Int\u00e9gration du genre et de la jeunesse dans les politiques fonci\u00e8res<\/li>\n<\/ul>\n<p>Selon lui, l\u2019<strong>acc\u00e8s \u00e0 la propri\u00e9t\u00e9 fonci\u00e8re<\/strong> est la base d\u2019un d\u00e9veloppement \u00e9quilibr\u00e9 et durable pour le pays.<\/p>\n<h2>Des propositions concr\u00e8tes pour am\u00e9liorer l\u2019acc\u00e8s<\/h2>\n<p>Pour concr\u00e9tiser cette vision, plusieurs mesures ont \u00e9t\u00e9 mises en avant :<\/p>\n<ul>\n<li><strong>Tarification sociale<\/strong> pour les personnes \u00e0 faible revenu<\/li>\n<li><strong>Campagnes de d\u00e9livrance gratuite de titres fonciers<\/strong> dans les zones rurales<\/li>\n<li><strong>Simplification des proc\u00e9dures<\/strong> pour les primo-acqu\u00e9reurs<\/li>\n<li><strong>R\u00e9servation de quotas<\/strong> pour les femmes dans les programmes fonciers<\/li>\n<\/ul>\n<p>Ces propositions montrent une volont\u00e9 politique de rupture avec l\u2019exclusion historique dont sont victimes certaines couches de la population.<\/p>\n<h2>Conclusion<\/h2>\n<p>Le plaidoyer de <strong>Molendo Sakombi<\/strong> pour un <strong>acc\u00e8s \u00e9quitable \u00e0 la propri\u00e9t\u00e9 fonci\u00e8re<\/strong> repr\u00e9sente un tournant majeur dans la gestion du foncier en RDC. En pla\u00e7ant la justice sociale au c\u0153ur de la r\u00e9forme, il ouvre la voie \u00e0 un avenir plus juste et plus stable pour les Congolais.<\/p>\n","protected":false},"excerpt":{"rendered":"<p>En R\u00e9publique D\u00e9mocratique du Congo, l\u2019acc\u00e8s \u00e0 la terre demeure profond\u00e9ment in\u00e9gal. Conscient de cette&hellip;<\/p>\n","protected":false},"author":1,"featured_media":0,"comment_status":"open","ping_status":"open","sticky":false,"template":"","format":"standard","meta":{"footnotes":""},"categories":[1],"tags":[],"class_list":["post-23","post","type-post","status-publish","format-standard","hentry","category-rdc-blog"],"yoast_head":"<!-- This site is optimized with the Yoast SEO plugin v26.2 - https:\/\/yoast.com\/wordpress\/plugins\/seo\/ -->\n<title>Molendo Sakombi plaide pour un acc\u00e8s \u00e9quitable \u00e0 la propri\u00e9t\u00e9 fonci\u00e8re - Molendo Sakombi<\/title>\n<meta name=\"description\" content=\"Molendo Sakombi milite pour un droit \u00e9quitable \u00e0 la propri\u00e9t\u00e9 fonci\u00e8re, un enjeu crucial pour les populations rurales et urbaines.\" \/>\n<meta name=\"robots\" content=\"index, follow, max-snippet:-1, max-image-preview:large, max-video-preview:-1\" \/>\n<link rel=\"canonical\" href=\"https:\/\/molendosakombi.info\/?p=23\" \/>\n<meta property=\"og:locale\" content=\"fr_FR\" \/>\n<meta property=\"og:type\" content=\"article\" \/>\n<meta property=\"og:title\" content=\"Molendo Sakombi plaide pour un acc\u00e8s \u00e9quitable \u00e0 la propri\u00e9t\u00e9 fonci\u00e8re - Molendo Sakombi\" \/>\n<meta property=\"og:description\" content=\"Molendo Sakombi milite pour un droit \u00e9quitable \u00e0 la propri\u00e9t\u00e9 fonci\u00e8re, un enjeu crucial pour les populations rurales et urbaines.\" \/>\n<meta property=\"og:url\" content=\"https:\/\/molendosakombi.info\/?p=23\" \/>\n<meta property=\"og:site_name\" content=\"Molendo Sakombi\" \/>\n<meta property=\"article:published_time\" content=\"2025-08-05T09:35:21+00:00\" \/>\n<meta name=\"author\" content=\"admin\" \/>\n<meta name=\"twitter:card\" content=\"summary_large_image\" \/>\n<meta name=\"twitter:label1\" content=\"\u00c9crit par\" \/>\n\t<meta name=\"twitter:data1\" content=\"admin\" \/>\n<script type=\"application\/ld+json\" class=\"yoast-schema-graph\">{\"@context\":\"https:\/\/schema.org\",\"@graph\":[{\"@type\":\"WebPage\",\"@id\":\"https:\/\/molendosakombi.info\/?p=23\",\"url\":\"https:\/\/molendosakombi.info\/?p=23\",\"name\":\"Molendo Sakombi plaide pour un acc\u00e8s \u00e9quitable \u00e0 la propri\u00e9t\u00e9 fonci\u00e8re - Molendo Sakombi\",\"isPartOf\":{\"@id\":\"https:\/\/molendosakombi.info\/#website\"},\"datePublished\":\"2025-08-05T09:35:21+00:00\",\"author\":{\"@id\":\"https:\/\/molendosakombi.info\/#\/schema\/person\/165dadd0572bed04b660c8c228f949fa\"},\"description\":\"Molendo Sakombi milite pour un droit \u00e9quitable \u00e0 la propri\u00e9t\u00e9 fonci\u00e8re, un enjeu crucial pour les populations rurales et urbaines.\",\"breadcrumb\":{\"@id\":\"https:\/\/molendosakombi.info\/?p=23#breadcrumb\"},\"inLanguage\":\"fr-FR\",\"potentialAction\":[{\"@type\":\"ReadAction\",\"target\":[\"https:\/\/molendosakombi.info\/?p=23\"]}]},{\"@type\":\"BreadcrumbList\",\"@id\":\"https:\/\/molendosakombi.info\/?p=23#breadcrumb\",\"itemListElement\":[{\"@type\":\"ListItem\",\"position\":1,\"name\":\"Accueil\",\"item\":\"https:\/\/molendosakombi.info\/\"},{\"@type\":\"ListItem\",\"position\":2,\"name\":\"Molendo Sakombi plaide pour un acc\u00e8s \u00e9quitable \u00e0 la propri\u00e9t\u00e9 fonci\u00e8re\"}]},{\"@type\":\"WebSite\",\"@id\":\"https:\/\/molendosakombi.info\/#website\",\"url\":\"https:\/\/molendosakombi.info\/\",\"name\":\"Molendo Sakombi\",\"description\":\"\",\"potentialAction\":[{\"@type\":\"SearchAction\",\"target\":{\"@type\":\"EntryPoint\",\"urlTemplate\":\"https:\/\/molendosakombi.info\/?s={search_term_string}\"},\"query-input\":{\"@type\":\"PropertyValueSpecification\",\"valueRequired\":true,\"valueName\":\"search_term_string\"}}],\"inLanguage\":\"fr-FR\"},{\"@type\":\"Person\",\"@id\":\"https:\/\/molendosakombi.info\/#\/schema\/person\/165dadd0572bed04b660c8c228f949fa\",\"name\":\"admin\",\"image\":{\"@type\":\"ImageObject\",\"inLanguage\":\"fr-FR\",\"@id\":\"https:\/\/molendosakombi.info\/#\/schema\/person\/image\/\",\"url\":\"https:\/\/secure.gravatar.com\/avatar\/d04cdb7d4d43529a58f8e9cb56242e82b80a4d33e2be2bf73f981bd57eba69ba?s=96&d=mm&r=g\",\"contentUrl\":\"https:\/\/secure.gravatar.com\/avatar\/d04cdb7d4d43529a58f8e9cb56242e82b80a4d33e2be2bf73f981bd57eba69ba?s=96&d=mm&r=g\",\"caption\":\"admin\"},\"sameAs\":[\"https:\/\/molendosakombi.info\"],\"url\":\"https:\/\/molendosakombi.info\/?author=1\"}]}<\/script>\n<!-- \/ Yoast SEO plugin. -->","yoast_head_json":{"title":"Molendo Sakombi plaide pour un acc\u00e8s \u00e9quitable \u00e0 la propri\u00e9t\u00e9 fonci\u00e8re - Molendo Sakombi","description":"Molendo Sakombi milite pour un droit \u00e9quitable \u00e0 la propri\u00e9t\u00e9 fonci\u00e8re, un enjeu crucial pour les populations rurales et urbaines.","robots":{"index":"index","follow":"follow","max-snippet":"max-snippet:-1","max-image-preview":"max-image-preview:large","max-video-preview":"max-video-preview:-1"},"canonical":"https:\/\/molendosakombi.info\/?p=23","og_locale":"fr_FR","og_type":"article","og_title":"Molendo Sakombi plaide pour un acc\u00e8s \u00e9quitable \u00e0 la propri\u00e9t\u00e9 fonci\u00e8re - Molendo Sakombi","og_description":"Molendo Sakombi milite pour un droit \u00e9quitable \u00e0 la propri\u00e9t\u00e9 fonci\u00e8re, un enjeu crucial pour les populations rurales et urbaines.","og_url":"https:\/\/molendosakombi.info\/?p=23","og_site_name":"Molendo Sakombi","article_published_time":"2025-08-05T09:35:21+00:00","author":"admin","twitter_card":"summary_large_image","twitter_misc":{"\u00c9crit par":"admin"},"schema":{"@context":"https:\/\/schema.org","@graph":[{"@type":"WebPage","@id":"https:\/\/molendosakombi.info\/?p=23","url":"https:\/\/molendosakombi.info\/?p=23","name":"Molendo Sakombi plaide pour un acc\u00e8s \u00e9quitable \u00e0 la propri\u00e9t\u00e9 fonci\u00e8re - Molendo Sakombi","isPartOf":{"@id":"https:\/\/molendosakombi.info\/#website"},"datePublished":"2025-08-05T09:35:21+00:00","author":{"@id":"https:\/\/molendosakombi.info\/#\/schema\/person\/165dadd0572bed04b660c8c228f949fa"},"description":"Molendo Sakombi milite pour un droit \u00e9quitable \u00e0 la propri\u00e9t\u00e9 fonci\u00e8re, un enjeu crucial pour les populations rurales et urbaines.","breadcrumb":{"@id":"https:\/\/molendosakombi.info\/?p=23#breadcrumb"},"inLanguage":"fr-FR","potentialAction":[{"@type":"ReadAction","target":["https:\/\/molendosakombi.info\/?p=23"]}]},{"@type":"BreadcrumbList","@id":"https:\/\/molendosakombi.info\/?p=23#breadcrumb","itemListElement":[{"@type":"ListItem","position":1,"name":"Accueil","item":"https:\/\/molendosakombi.info\/"},{"@type":"ListItem","position":2,"name":"Molendo Sakombi plaide pour un acc\u00e8s \u00e9quitable \u00e0 la propri\u00e9t\u00e9 fonci\u00e8re"}]},{"@type":"WebSite","@id":"https:\/\/molendosakombi.info\/#website","url":"https:\/\/molendosakombi.info\/","name":"Molendo Sakombi","description":"","potentialAction":[{"@type":"SearchAction","target":{"@type":"EntryPoint","urlTemplate":"https:\/\/molendosakombi.info\/?s={search_term_string}"},"query-input":{"@type":"PropertyValueSpecification","valueRequired":true,"valueName":"search_term_string"}}],"inLanguage":"fr-FR"},{"@type":"Person","@id":"https:\/\/molendosakombi.info\/#\/schema\/person\/165dadd0572bed04b660c8c228f949fa","name":"admin","image":{"@type":"ImageObject","inLanguage":"fr-FR","@id":"https:\/\/molendosakombi.info\/#\/schema\/person\/image\/","url":"https:\/\/secure.gravatar.com\/avatar\/d04cdb7d4d43529a58f8e9cb56242e82b80a4d33e2be2bf73f981bd57eba69ba?s=96&d=mm&r=g","contentUrl":"https:\/\/secure.gravatar.com\/avatar\/d04cdb7d4d43529a58f8e9cb56242e82b80a4d33e2be2bf73f981bd57eba69ba?s=96&d=mm&r=g","caption":"admin"},"sameAs":["https:\/\/molendosakombi.info"],"url":"https:\/\/molendosakombi.info\/?author=1"}]}},"_links":{"self":[{"href":"https:\/\/molendosakombi.info\/index.php?rest_route=\/wp\/v2\/posts\/23","targetHints":{"allow":["GET"]}}],"collection":[{"href":"https:\/\/molendosakombi.info\/index.php?rest_route=\/wp\/v2\/posts"}],"about":[{"href":"https:\/\/molendosakombi.info\/index.php?rest_route=\/wp\/v2\/types\/post"}],"author":[{"embeddable":true,"href":"https:\/\/molendosakombi.info\/index.php?rest_route=\/wp\/v2\/users\/1"}],"replies":[{"embeddable":true,"href":"https:\/\/molendosakombi.info\/index.php?rest_route=%2Fwp%2Fv2%2Fcomments&post=23"}],"version-history":[{"count":1,"href":"https:\/\/molendosakombi.info\/index.php?rest_route=\/wp\/v2\/posts\/23\/revisions"}],"predecessor-version":[{"id":24,"href":"https:\/\/molendosakombi.info\/index.php?rest_route=\/wp\/v2\/posts\/23\/revisions\/24"}],"wp:attachment":[{"href":"https:\/\/molendosakombi.info\/index.php?rest_route=%2Fwp%2Fv2%2Fmedia&parent=23"}],"wp:term":[{"taxonomy":"category","embeddable":true,"href":"https:\/\/molendosakombi.info\/index.php?rest_route=%2Fwp%2Fv2%2Fcategories&post=23"},{"taxonomy":"post_tag","embeddable":true,"href":"https:\/\/molendosakombi.info\/index.php?rest_route=%2Fwp%2Fv2%2Ftags&post=23"}],"curies":[{"name":"wp","href":"https:\/\/api.w.org\/{rel}","templated":true}]}}